{"id":3032,"date":"2022-06-29T09:10:36","date_gmt":"2022-06-29T09:10:36","guid":{"rendered":"https:\/\/lasmoradasdesanmartin.es\/?p=3032"},"modified":"2023-01-30T18:04:00","modified_gmt":"2023-01-30T17:04:00","slug":"medalla-de-plata-y-bronce-para-nuestros-vinos-en-decanter-world-wine-awards-2022","status":"publish","type":"post","link":"https:\/\/lasmoradasdesanmartin.es\/en\/medalla-de-plata-y-bronce-para-nuestros-vinos-en-decanter-world-wine-awards-2022\/","title":{"rendered":"Medalla de plata y bronce para nuestros vinos en Decanter World Wine Awards 2022"},"content":{"rendered":"<p>Un a\u00f1o m\u00e1s, estamos de enhorabuena. Y es que el concurso internacional Decanter, que premia a los mejores vinos de todo el mundo, ha galardonado a nuestros vinos SENDA e INITIO, con una medalla de bronce y otra de plata, respectivamente. \u00bfSab\u00edas que es una de las competiciones de vinos m\u00e1s grande e influyente del mundo? En este post, te contamos qu\u00e9 es Decanter World Wine Awards.<\/p>\n<h2><strong>\u00bfQu\u00e9 es Decanter?<\/strong><\/h2>\n<p>No fue hasta 2004 cuando se lanz\u00f3 por primera vez el concurso <strong>Decanter<\/strong> aunque su crecimiento ha sido r\u00e1pido, ya que actualmente es uno de los <strong>concursos internacionales m\u00e1s reconocidos y grandes del mundo<\/strong>. \u00bfSab\u00edas que la publicaci\u00f3n Decanter es una revista sobre vinos de consumo que naci\u00f3 en Reino Unido en 1976? Es a partir de aqu\u00ed cuando nace el concurso. Desde su primer edici\u00f3n, miles de vinos son postulados cada a\u00f1o, aunque no todos consiguen entrar en el concurso. Al final de cada edici\u00f3n, se entregan los m\u00e1ximos galardones a los 50 mejores vinos de ese a\u00f1o junto a una selecci\u00f3n de medallas de bronce, plata y oro, para reconocer la calidad de los vinos que han sido presentados.<\/p>\n<h2><strong>\u00bfC\u00f3mo funciona Decanter? <\/strong><\/h2>\n<p>Los vinos presentados se organizan para degustarlos seg\u00fan su pa\u00eds, su regi\u00f3n, el color del vino, la uva utilizada, la a\u00f1ada y el precio. Esta segmentaci\u00f3n se realiza para asegurar que <strong>los vinos sean juzgados en las mismas condiciones<\/strong>. Adem\u00e1s, cuenta con un jurado de casi 250 expertos de m\u00e1s de 50 pa\u00edses, que catan a ciegas los vinos de la materia en la que son especialistas. Tras haber evaluado individualmente a cada vino, comparan las notas de todos los vinos catados y llegan a un consenso sobre la medalla concedida a cada vino.<\/p>\n<p>Estas notas se otorgan en una escala de <strong>100 puntos<\/strong>, que permiten categorizar cada vino y asignarle la medalla correspondiente. En este sentido, hemos podido celebrar los excelentes resultados de nuestros vinos presentados: INITIO y SENDA.<\/p>\n<p>Por un lado,<a href=\"https:\/\/lasmoradasdesanmartin.es\/vinos-de-garnacha\/\" target=\"_blank\" rel=\"noopener\"> <strong>INITIO 2017 ECO<\/strong><\/a> ha recibido una <strong>medalla de plata con 90 puntos<\/strong>. Estamos ante un vino con todos los matices propios de la variedad garnacha cultivada sobre los suelos gran\u00edticos de la zona, en un terru\u00f1o de monta\u00f1a con vi\u00f1edos de secano de entre 50 y 112 a\u00f1os. Se caracteriza por ser un vino armonioso, sobrio, con aromas bals\u00e1micos, de guinda, ciruela roja, monte mediterr\u00e1neo, frutos silvestres, grafitos y recuerdos minerales del granito. En boca, la garnacha se muestra muy fresca y viva, larga y elegante. Es un vino muy personal y equilibrado.<\/p>\n<p>Por otro lado, <a href=\"https:\/\/lasmoradasdesanmartin.es\/vinos-de-garnacha\/\" target=\"_blank\" rel=\"noopener\"><strong>SENDA 2019<\/strong><\/a>, todav\u00eda no disponible en el mercado, ha obtenido una <strong>medalla de bronce con 87 puntos<\/strong>. Este tinto elaborado con garnacha de Madrid se caracteriza por ser un vino muy fresco, vivo y arom\u00e1tico. Representa fielmente el esp\u00edritu de la garnacha-terru\u00f1o de LAS MORADAS. Visualmente, tiene un color cereza. Adem\u00e1s, podemos encontrar en \u00e9l los aromas propios de la garnacha: aromas florales, a ciruela, a monte bajo y un fondo muy mineral, caracter\u00edstico del suelo gran\u00edtico en el que est\u00e1n plantadas. Su final es largo y con gran permanencia en boca.<\/p>\n<p>As\u00ed que estas medallas son un gran reconocimiento, una gran distinci\u00f3n a un trabajo minucioso en el vi\u00f1edo y en bodega. Y si todav\u00eda no has probado SENDA o INITIO, recuerda que puedes encontrarlo en nuestra <a href=\"https:\/\/lasmoradasdesanmartin.es\/tienda\/\">tienda online<\/a> y recibirlos c\u00f3modamente en casa sin gastos de env\u00edo<\/p>\n","protected":false},"excerpt":{"rendered":"<p>Un a\u00f1o m\u00e1s, estamos de enhorabuena. Y es que el concurso internacional Decanter, que premia a los mejores vinos de todo el mundo, ha galardonado a nuestros vinos SENDA e INITIO, con una medalla de bronce y otra de plata, respectivamente.<\/p>\n","protected":false},"author":3,"featured_media":3472,"comment_status":"closed","ping_status":"closed","sticky":false,"template":"","format":"standard","meta":{"footnotes":""},"categories":[70,34],"tags":[78,28,63,29,30,41,79,80,81,53,61,49,50,56],"class_list":["post-3032","post","type-post","status-publish","format-standard","has-post-thumbnail","hentry","category-noticias","category-vino","tag-decanter","tag-do-vinos-de-madrid","tag-garnacha","tag-las-moradas","tag-las-moradas-de-san-martin","tag-madrid","tag-medalla","tag-medalla-de-bronce","tag-medalla-de-plata","tag-terruno","tag-vegano","tag-vino-ecologico","tag-vinos-de-madrid","tag-viticultura-ecologica"],"yoast_head":"<!-- This site is optimized with the Yoast SEO plugin v27.4 - https:\/\/yoast.com\/product\/yoast-seo-wordpress\/ -->\n<title>Medalla de plata y bronce para nuestros vinos en Decanter World Wine Awards 2022 - Las Moradas de San Mart\u00edn<\/title>\n<meta name=\"description\" content=\"El concurso internacional Decanter ha galardonado a nuestros vinos SENDA e INITIO, con una medalla de bronce y otra de oro, en 2022.\" \/>\n<meta name=\"robots\" content=\"noindex, follow, max-snippet:-1, max-image-preview:large, max-video-preview:-1\" \/>\n<meta property=\"og:locale\" content=\"en_US\" \/>\n<meta property=\"og:type\" content=\"article\" \/>\n<meta property=\"og:title\" content=\"Medalla de plata y bronce para nuestros vinos en Decanter World Wine Awards 2022 - Las Moradas de San Mart\u00edn\" \/>\n<meta property=\"og:description\" content=\"El concurso internacional Decanter ha galardonado a nuestros vinos SENDA e INITIO, con una medalla de bronce y otra de oro, en 2022.\" \/>\n<meta property=\"og:url\" content=\"https:\/\/lasmoradasdesanmartin.es\/en\/medalla-de-plata-y-bronce-para-nuestros-vinos-en-decanter-world-wine-awards-2022\/\" \/>\n<meta property=\"og:site_name\" content=\"Las Moradas de San Mart\u00edn\" \/>\n<meta property=\"article:published_time\" content=\"2022-06-29T09:10:36+00:00\" \/>\n<meta property=\"article:modified_time\" content=\"2023-01-30T17:04:00+00:00\" \/>\n<meta property=\"og:image\" content=\"https:\/\/lasmoradasdesanmartin.es\/en\/wp-content\/uploads\/sites\/3\/DECANTER-2022_2000x1000-px.webp\" \/>\n\t<meta property=\"og:image:width\" content=\"1540\" \/>\n\t<meta property=\"og:image:height\" content=\"770\" \/>\n\t<meta property=\"og:image:type\" content=\"image\/webp\" \/>\n<meta name=\"author\" content=\"Enate Comunicaci\u00f3n\" \/>\n<meta name=\"twitter:card\" content=\"summary_large_image\" \/>\n<meta name=\"twitter:label1\" content=\"Written by\" \/>\n\t<meta name=\"twitter:data1\" content=\"Enate Comunicaci\u00f3n\" \/>\n\t<meta name=\"twitter:label2\" content=\"Est. reading time\" \/>\n\t<meta name=\"twitter:data2\" content=\"3 minutes\" \/>\n<script type=\"application\/ld+json\" class=\"yoast-schema-graph\">{\"@context\":\"https:\\\/\\\/schema.org\",\"@graph\":[{\"@type\":\"Article\",\"@id\":\"https:\\\/\\\/lasmoradasdesanmartin.es\\\/en\\\/medalla-de-plata-y-bronce-para-nuestros-vinos-en-decanter-world-wine-awards-2022\\\/#article\",\"isPartOf\":{\"@id\":\"https:\\\/\\\/lasmoradasdesanmartin.es\\\/en\\\/medalla-de-plata-y-bronce-para-nuestros-vinos-en-decanter-world-wine-awards-2022\\\/\"},\"author\":{\"name\":\"Enate Comunicaci\u00f3n\",\"@id\":\"https:\\\/\\\/lasmoradasdesanmartin.es\\\/en\\\/#\\\/schema\\\/person\\\/9f9d189d92aa7bb781088abe3b934147\"},\"headline\":\"Medalla de plata y bronce para nuestros vinos en Decanter World Wine Awards 2022\",\"datePublished\":\"2022-06-29T09:10:36+00:00\",\"dateModified\":\"2023-01-30T17:04:00+00:00\",\"mainEntityOfPage\":{\"@id\":\"https:\\\/\\\/lasmoradasdesanmartin.es\\\/en\\\/medalla-de-plata-y-bronce-para-nuestros-vinos-en-decanter-world-wine-awards-2022\\\/\"},\"wordCount\":606,\"publisher\":{\"@id\":\"https:\\\/\\\/lasmoradasdesanmartin.es\\\/en\\\/#organization\"},\"image\":{\"@id\":\"https:\\\/\\\/lasmoradasdesanmartin.es\\\/en\\\/medalla-de-plata-y-bronce-para-nuestros-vinos-en-decanter-world-wine-awards-2022\\\/#primaryimage\"},\"thumbnailUrl\":\"https:\\\/\\\/lasmoradasdesanmartin.es\\\/en\\\/wp-content\\\/uploads\\\/sites\\\/3\\\/DECANTER-2022_2000x1000-px.webp\",\"keywords\":[\"Decanter\",\"DO Vinos de Madrid\",\"garnacha\",\"Las Moradas\",\"Las Moradas de San Mart\u00edn\",\"Madrid\",\"medalla\",\"medalla de bronce\",\"medalla de plata\",\"terru\u00f1o\",\"vegano\",\"vino ecol\u00f3gico\",\"vinos de Madrid\",\"viticultura ecol\u00f3gica\"],\"articleSection\":[\"Noticias\",\"Vino\"],\"inLanguage\":\"en-US\"},{\"@type\":\"WebPage\",\"@id\":\"https:\\\/\\\/lasmoradasdesanmartin.es\\\/en\\\/medalla-de-plata-y-bronce-para-nuestros-vinos-en-decanter-world-wine-awards-2022\\\/\",\"url\":\"https:\\\/\\\/lasmoradasdesanmartin.es\\\/en\\\/medalla-de-plata-y-bronce-para-nuestros-vinos-en-decanter-world-wine-awards-2022\\\/\",\"name\":\"Medalla de plata y bronce para nuestros vinos en Decanter World Wine Awards 2022 - Las Moradas de San Mart\u00edn\",\"isPartOf\":{\"@id\":\"https:\\\/\\\/lasmoradasdesanmartin.es\\\/en\\\/#website\"},\"primaryImageOfPage\":{\"@id\":\"https:\\\/\\\/lasmoradasdesanmartin.es\\\/en\\\/medalla-de-plata-y-bronce-para-nuestros-vinos-en-decanter-world-wine-awards-2022\\\/#primaryimage\"},\"image\":{\"@id\":\"https:\\\/\\\/lasmoradasdesanmartin.es\\\/en\\\/medalla-de-plata-y-bronce-para-nuestros-vinos-en-decanter-world-wine-awards-2022\\\/#primaryimage\"},\"thumbnailUrl\":\"https:\\\/\\\/lasmoradasdesanmartin.es\\\/en\\\/wp-content\\\/uploads\\\/sites\\\/3\\\/DECANTER-2022_2000x1000-px.webp\",\"datePublished\":\"2022-06-29T09:10:36+00:00\",\"dateModified\":\"2023-01-30T17:04:00+00:00\",\"description\":\"El concurso internacional Decanter ha galardonado a nuestros vinos SENDA e INITIO, con una medalla de bronce y otra de oro, en 2022.\",\"breadcrumb\":{\"@id\":\"https:\\\/\\\/lasmoradasdesanmartin.es\\\/en\\\/medalla-de-plata-y-bronce-para-nuestros-vinos-en-decanter-world-wine-awards-2022\\\/#breadcrumb\"},\"inLanguage\":\"en-US\",\"potentialAction\":[{\"@type\":\"ReadAction\",\"target\":[\"https:\\\/\\\/lasmoradasdesanmartin.es\\\/en\\\/medalla-de-plata-y-bronce-para-nuestros-vinos-en-decanter-world-wine-awards-2022\\\/\"]}]},{\"@type\":\"ImageObject\",\"inLanguage\":\"en-US\",\"@id\":\"https:\\\/\\\/lasmoradasdesanmartin.es\\\/en\\\/medalla-de-plata-y-bronce-para-nuestros-vinos-en-decanter-world-wine-awards-2022\\\/#primaryimage\",\"url\":\"https:\\\/\\\/lasmoradasdesanmartin.es\\\/en\\\/wp-content\\\/uploads\\\/sites\\\/3\\\/DECANTER-2022_2000x1000-px.webp\",\"contentUrl\":\"https:\\\/\\\/lasmoradasdesanmartin.es\\\/en\\\/wp-content\\\/uploads\\\/sites\\\/3\\\/DECANTER-2022_2000x1000-px.webp\",\"width\":1540,\"height\":770},{\"@type\":\"BreadcrumbList\",\"@id\":\"https:\\\/\\\/lasmoradasdesanmartin.es\\\/en\\\/medalla-de-plata-y-bronce-para-nuestros-vinos-en-decanter-world-wine-awards-2022\\\/#breadcrumb\",\"itemListElement\":[{\"@type\":\"ListItem\",\"position\":1,\"name\":\"Portada\",\"item\":\"https:\\\/\\\/lasmoradasdesanmartin.es\\\/en\\\/\"},{\"@type\":\"ListItem\",\"position\":2,\"name\":\"Medalla de plata y bronce para nuestros vinos en Decanter World Wine Awards 2022\"}]},{\"@type\":\"WebSite\",\"@id\":\"https:\\\/\\\/lasmoradasdesanmartin.es\\\/en\\\/#website\",\"url\":\"https:\\\/\\\/lasmoradasdesanmartin.es\\\/en\\\/\",\"name\":\"Las Moradas de San Mart\u00edn\",\"description\":\"Bodegas San Mart\u00edn. Vinos D.O. Madrid\",\"publisher\":{\"@id\":\"https:\\\/\\\/lasmoradasdesanmartin.es\\\/en\\\/#organization\"},\"potentialAction\":[{\"@type\":\"SearchAction\",\"target\":{\"@type\":\"EntryPoint\",\"urlTemplate\":\"https:\\\/\\\/lasmoradasdesanmartin.es\\\/en\\\/?s={search_term_string}\"},\"query-input\":{\"@type\":\"PropertyValueSpecification\",\"valueRequired\":true,\"valueName\":\"search_term_string\"}}],\"inLanguage\":\"en-US\"},{\"@type\":\"Organization\",\"@id\":\"https:\\\/\\\/lasmoradasdesanmartin.es\\\/en\\\/#organization\",\"name\":\"Las Moradas de San Mart\u00edn\",\"url\":\"https:\\\/\\\/lasmoradasdesanmartin.es\\\/en\\\/\",\"logo\":{\"@type\":\"ImageObject\",\"inLanguage\":\"en-US\",\"@id\":\"https:\\\/\\\/lasmoradasdesanmartin.es\\\/en\\\/#\\\/schema\\\/logo\\\/image\\\/\",\"url\":\"https:\\\/\\\/lasmoradasdesanmartin.es\\\/en\\\/wp-content\\\/uploads\\\/sites\\\/3\\\/LogotipoLM.webp\",\"contentUrl\":\"https:\\\/\\\/lasmoradasdesanmartin.es\\\/en\\\/wp-content\\\/uploads\\\/sites\\\/3\\\/LogotipoLM.webp\",\"width\":290,\"height\":55,\"caption\":\"Las Moradas de San Mart\u00edn\"},\"image\":{\"@id\":\"https:\\\/\\\/lasmoradasdesanmartin.es\\\/en\\\/#\\\/schema\\\/logo\\\/image\\\/\"}},{\"@type\":\"Person\",\"@id\":\"https:\\\/\\\/lasmoradasdesanmartin.es\\\/en\\\/#\\\/schema\\\/person\\\/9f9d189d92aa7bb781088abe3b934147\",\"name\":\"Enate Comunicaci\u00f3n\",\"image\":{\"@type\":\"ImageObject\",\"inLanguage\":\"en-US\",\"@id\":\"https:\\\/\\\/secure.gravatar.com\\\/avatar\\\/d88add26b8d36fef19ed0d42f35b896f0931ed505124c6ab23ed45d8f75ad325?s=96&d=mm&r=g\",\"url\":\"https:\\\/\\\/secure.gravatar.com\\\/avatar\\\/d88add26b8d36fef19ed0d42f35b896f0931ed505124c6ab23ed45d8f75ad325?s=96&d=mm&r=g\",\"contentUrl\":\"https:\\\/\\\/secure.gravatar.com\\\/avatar\\\/d88add26b8d36fef19ed0d42f35b896f0931ed505124c6ab23ed45d8f75ad325?s=96&d=mm&r=g\",\"caption\":\"Enate Comunicaci\u00f3n\"},\"url\":\"https:\\\/\\\/lasmoradasdesanmartin.es\\\/en\\\/author\\\/enatecomunicacion\\\/\"}]}<\/script>\n<!-- \/ Yoast SEO plugin. -->","yoast_head_json":{"title":"Medalla de plata y bronce para nuestros vinos en Decanter World Wine Awards 2022 - Las Moradas de San Mart\u00edn","description":"El concurso internacional Decanter ha galardonado a nuestros vinos SENDA e INITIO, con una medalla de bronce y otra de oro, en 2022.","robots":{"index":"noindex","follow":"follow","max-snippet":"max-snippet:-1","max-image-preview":"max-image-preview:large","max-video-preview":"max-video-preview:-1"},"og_locale":"en_US","og_type":"article","og_title":"Medalla de plata y bronce para nuestros vinos en Decanter World Wine Awards 2022 - Las Moradas de San Mart\u00edn","og_description":"El concurso internacional Decanter ha galardonado a nuestros vinos SENDA e INITIO, con una medalla de bronce y otra de oro, en 2022.","og_url":"https:\/\/lasmoradasdesanmartin.es\/en\/medalla-de-plata-y-bronce-para-nuestros-vinos-en-decanter-world-wine-awards-2022\/","og_site_name":"Las Moradas de San Mart\u00edn","article_published_time":"2022-06-29T09:10:36+00:00","article_modified_time":"2023-01-30T17:04:00+00:00","og_image":[{"width":1540,"height":770,"url":"https:\/\/lasmoradasdesanmartin.es\/en\/wp-content\/uploads\/sites\/3\/DECANTER-2022_2000x1000-px.webp","type":"image\/webp"}],"author":"Enate Comunicaci\u00f3n","twitter_card":"summary_large_image","twitter_misc":{"Written by":"Enate Comunicaci\u00f3n","Est. reading time":"3 minutes"},"schema":{"@context":"https:\/\/schema.org","@graph":[{"@type":"Article","@id":"https:\/\/lasmoradasdesanmartin.es\/en\/medalla-de-plata-y-bronce-para-nuestros-vinos-en-decanter-world-wine-awards-2022\/#article","isPartOf":{"@id":"https:\/\/lasmoradasdesanmartin.es\/en\/medalla-de-plata-y-bronce-para-nuestros-vinos-en-decanter-world-wine-awards-2022\/"},"author":{"name":"Enate Comunicaci\u00f3n","@id":"https:\/\/lasmoradasdesanmartin.es\/en\/#\/schema\/person\/9f9d189d92aa7bb781088abe3b934147"},"headline":"Medalla de plata y bronce para nuestros vinos en Decanter World Wine Awards 2022","datePublished":"2022-06-29T09:10:36+00:00","dateModified":"2023-01-30T17:04:00+00:00","mainEntityOfPage":{"@id":"https:\/\/lasmoradasdesanmartin.es\/en\/medalla-de-plata-y-bronce-para-nuestros-vinos-en-decanter-world-wine-awards-2022\/"},"wordCount":606,"publisher":{"@id":"https:\/\/lasmoradasdesanmartin.es\/en\/#organization"},"image":{"@id":"https:\/\/lasmoradasdesanmartin.es\/en\/medalla-de-plata-y-bronce-para-nuestros-vinos-en-decanter-world-wine-awards-2022\/#primaryimage"},"thumbnailUrl":"https:\/\/lasmoradasdesanmartin.es\/en\/wp-content\/uploads\/sites\/3\/DECANTER-2022_2000x1000-px.webp","keywords":["Decanter","DO Vinos de Madrid","garnacha","Las Moradas","Las Moradas de San Mart\u00edn","Madrid","medalla","medalla de bronce","medalla de plata","terru\u00f1o","vegano","vino ecol\u00f3gico","vinos de Madrid","viticultura ecol\u00f3gica"],"articleSection":["Noticias","Vino"],"inLanguage":"en-US"},{"@type":"WebPage","@id":"https:\/\/lasmoradasdesanmartin.es\/en\/medalla-de-plata-y-bronce-para-nuestros-vinos-en-decanter-world-wine-awards-2022\/","url":"https:\/\/lasmoradasdesanmartin.es\/en\/medalla-de-plata-y-bronce-para-nuestros-vinos-en-decanter-world-wine-awards-2022\/","name":"Medalla de plata y bronce para nuestros vinos en Decanter World Wine Awards 2022 - Las Moradas de San Mart\u00edn","isPartOf":{"@id":"https:\/\/lasmoradasdesanmartin.es\/en\/#website"},"primaryImageOfPage":{"@id":"https:\/\/lasmoradasdesanmartin.es\/en\/medalla-de-plata-y-bronce-para-nuestros-vinos-en-decanter-world-wine-awards-2022\/#primaryimage"},"image":{"@id":"https:\/\/lasmoradasdesanmartin.es\/en\/medalla-de-plata-y-bronce-para-nuestros-vinos-en-decanter-world-wine-awards-2022\/#primaryimage"},"thumbnailUrl":"https:\/\/lasmoradasdesanmartin.es\/en\/wp-content\/uploads\/sites\/3\/DECANTER-2022_2000x1000-px.webp","datePublished":"2022-06-29T09:10:36+00:00","dateModified":"2023-01-30T17:04:00+00:00","description":"El concurso internacional Decanter ha galardonado a nuestros vinos SENDA e INITIO, con una medalla de bronce y otra de oro, en 2022.","breadcrumb":{"@id":"https:\/\/lasmoradasdesanmartin.es\/en\/medalla-de-plata-y-bronce-para-nuestros-vinos-en-decanter-world-wine-awards-2022\/#breadcrumb"},"inLanguage":"en-US","potentialAction":[{"@type":"ReadAction","target":["https:\/\/lasmoradasdesanmartin.es\/en\/medalla-de-plata-y-bronce-para-nuestros-vinos-en-decanter-world-wine-awards-2022\/"]}]},{"@type":"ImageObject","inLanguage":"en-US","@id":"https:\/\/lasmoradasdesanmartin.es\/en\/medalla-de-plata-y-bronce-para-nuestros-vinos-en-decanter-world-wine-awards-2022\/#primaryimage","url":"https:\/\/lasmoradasdesanmartin.es\/en\/wp-content\/uploads\/sites\/3\/DECANTER-2022_2000x1000-px.webp","contentUrl":"https:\/\/lasmoradasdesanmartin.es\/en\/wp-content\/uploads\/sites\/3\/DECANTER-2022_2000x1000-px.webp","width":1540,"height":770},{"@type":"BreadcrumbList","@id":"https:\/\/lasmoradasdesanmartin.es\/en\/medalla-de-plata-y-bronce-para-nuestros-vinos-en-decanter-world-wine-awards-2022\/#breadcrumb","itemListElement":[{"@type":"ListItem","position":1,"name":"Portada","item":"https:\/\/lasmoradasdesanmartin.es\/en\/"},{"@type":"ListItem","position":2,"name":"Medalla de plata y bronce para nuestros vinos en Decanter World Wine Awards 2022"}]},{"@type":"WebSite","@id":"https:\/\/lasmoradasdesanmartin.es\/en\/#website","url":"https:\/\/lasmoradasdesanmartin.es\/en\/","name":"Las Moradas de San Mart\u00edn","description":"Bodegas San Mart\u00edn. Vinos D.O. Madrid","publisher":{"@id":"https:\/\/lasmoradasdesanmartin.es\/en\/#organization"},"potentialAction":[{"@type":"SearchAction","target":{"@type":"EntryPoint","urlTemplate":"https:\/\/lasmoradasdesanmartin.es\/en\/?s={search_term_string}"},"query-input":{"@type":"PropertyValueSpecification","valueRequired":true,"valueName":"search_term_string"}}],"inLanguage":"en-US"},{"@type":"Organization","@id":"https:\/\/lasmoradasdesanmartin.es\/en\/#organization","name":"Las Moradas de San Mart\u00edn","url":"https:\/\/lasmoradasdesanmartin.es\/en\/","logo":{"@type":"ImageObject","inLanguage":"en-US","@id":"https:\/\/lasmoradasdesanmartin.es\/en\/#\/schema\/logo\/image\/","url":"https:\/\/lasmoradasdesanmartin.es\/en\/wp-content\/uploads\/sites\/3\/LogotipoLM.webp","contentUrl":"https:\/\/lasmoradasdesanmartin.es\/en\/wp-content\/uploads\/sites\/3\/LogotipoLM.webp","width":290,"height":55,"caption":"Las Moradas de San Mart\u00edn"},"image":{"@id":"https:\/\/lasmoradasdesanmartin.es\/en\/#\/schema\/logo\/image\/"}},{"@type":"Person","@id":"https:\/\/lasmoradasdesanmartin.es\/en\/#\/schema\/person\/9f9d189d92aa7bb781088abe3b934147","name":"Enate Comunicaci\u00f3n","image":{"@type":"ImageObject","inLanguage":"en-US","@id":"https:\/\/secure.gravatar.com\/avatar\/d88add26b8d36fef19ed0d42f35b896f0931ed505124c6ab23ed45d8f75ad325?s=96&d=mm&r=g","url":"https:\/\/secure.gravatar.com\/avatar\/d88add26b8d36fef19ed0d42f35b896f0931ed505124c6ab23ed45d8f75ad325?s=96&d=mm&r=g","contentUrl":"https:\/\/secure.gravatar.com\/avatar\/d88add26b8d36fef19ed0d42f35b896f0931ed505124c6ab23ed45d8f75ad325?s=96&d=mm&r=g","caption":"Enate Comunicaci\u00f3n"},"url":"https:\/\/lasmoradasdesanmartin.es\/en\/author\/enatecomunicacion\/"}]}},"_links":{"self":[{"href":"https:\/\/lasmoradasdesanmartin.es\/en\/wp-json\/wp\/v2\/posts\/3032","targetHints":{"allow":["GET"]}}],"collection":[{"href":"https:\/\/lasmoradasdesanmartin.es\/en\/wp-json\/wp\/v2\/posts"}],"about":[{"href":"https:\/\/lasmoradasdesanmartin.es\/en\/wp-json\/wp\/v2\/types\/post"}],"author":[{"embeddable":true,"href":"https:\/\/lasmoradasdesanmartin.es\/en\/wp-json\/wp\/v2\/users\/3"}],"replies":[{"embeddable":true,"href":"https:\/\/lasmoradasdesanmartin.es\/en\/wp-json\/wp\/v2\/comments?post=3032"}],"version-history":[{"count":0,"href":"https:\/\/lasmoradasdesanmartin.es\/en\/wp-json\/wp\/v2\/posts\/3032\/revisions"}],"wp:featuredmedia":[{"embeddable":true,"href":"https:\/\/lasmoradasdesanmartin.es\/en\/wp-json\/wp\/v2\/media\/3472"}],"wp:attachment":[{"href":"https:\/\/lasmoradasdesanmartin.es\/en\/wp-json\/wp\/v2\/media?parent=3032"}],"wp:term":[{"taxonomy":"category","embeddable":true,"href":"https:\/\/lasmoradasdesanmartin.es\/en\/wp-json\/wp\/v2\/categories?post=3032"},{"taxonomy":"post_tag","embeddable":true,"href":"https:\/\/lasmoradasdesanmartin.es\/en\/wp-json\/wp\/v2\/tags?post=3032"}],"curies":[{"name":"wp","href":"https:\/\/api.w.org\/{rel}","templated":true}]}}